{"id":6356,"date":"2021-01-26T19:14:21","date_gmt":"2021-01-26T22:14:21","guid":{"rendered":"http:\/\/icsantosnew1.hospedagemdesites.ws\/?p=6356"},"modified":"2021-01-26T19:51:30","modified_gmt":"2021-01-26T22:51:30","slug":"comunicado-iate-clube-de-santos-ajusta-funcionamento-da-sede-guaruja","status":"publish","type":"post","link":"http:\/\/icsantosnew1.hospedagemdesites.ws\/?p=6356","title":{"rendered":"Comunicado: Iate Clube de Santos ajusta funcionamento da sede Guaruj\u00e1"},"content":{"rendered":"<p style=\"text-align: center;\"><b> <img loading=\"lazy\" class=\" wp-image-6357 alignleft\" src=\"http:\/\/icsantosnew1.hospedagemdesites.ws\/wp-content\/uploads\/2021\/01\/Comunicado-200x200.jpg\" alt=\"\" width=\"329\" height=\"329\" srcset=\"http:\/\/icsantosnew1.hospedagemdesites.ws\/wp-content\/uploads\/2021\/01\/Comunicado-200x200.jpg 200w, http:\/\/icsantosnew1.hospedagemdesites.ws\/wp-content\/uploads\/2021\/01\/Comunicado-150x150.jpg 150w, http:\/\/icsantosnew1.hospedagemdesites.ws\/wp-content\/uploads\/2021\/01\/Comunicado-768x768.jpg 768w, http:\/\/icsantosnew1.hospedagemdesites.ws\/wp-content\/uploads\/2021\/01\/Comunicado-400x400.jpg 400w, http:\/\/icsantosnew1.hospedagemdesites.ws\/wp-content\/uploads\/2021\/01\/Comunicado-512x512.jpg 512w, http:\/\/icsantosnew1.hospedagemdesites.ws\/wp-content\/uploads\/2021\/01\/Comunicado.jpg 800w\" sizes=\"(max-width: 329px) 100vw, 329px\" \/><\/b><\/p>\n<p><span style=\"font-weight: 400;\">Atendendo aos protocolos de preven\u00e7\u00e3o \u00e0 Covid19 e o recente decreto estadual que retorna a baixada santista para a fase laranja \/ vermelha, comunicamos abaixo nossos hor\u00e1rios de funcionamento que valer\u00e3o at\u00e9 o dia 7 de fevereiro.<\/span><\/p>\n<p>&nbsp;<\/p>\n<p><i><span style=\"font-weight: 400;\">Dia de semana (segunda a sexta-feira)<\/span><\/i><\/p>\n<p><span style=\"font-weight: 400;\">Funcionamento <\/span><b>normal at\u00e9 \u00e0s 19h<\/b><span style=\"font-weight: 400;\">, limitando a capacidade do restaurante e Caf\u00e9 Iate em <\/span><b>40%<\/b><span style=\"font-weight: 400;\">.<\/span><\/p>\n<p>&nbsp;<\/p>\n<p><i><span style=\"font-weight: 400;\">Final de Semana (30 e 31 de janeiro \/ 06 e 07 de fevereiro)<\/span><\/i><\/p>\n<p><span style=\"font-weight: 400;\">O acesso ser\u00e1 permitido apenas \u00e0s \u00e1reas privativas tais como: embarca\u00e7\u00f5es em vagas molhadas ou que estejam atracadas em p\u00ederes, flats e studios.<\/span><\/p>\n<p>&nbsp;<\/p>\n<p><span style=\"font-weight: 400;\">Restaurante exclusivamente com servi\u00e7o de delivery: <\/span><b>sexta-feira das 20h \u00e0s 22h<\/b><span style=\"font-weight: 400;\">, <\/span><b>s\u00e1bado 12h \u00e0s 22h<\/b><span style=\"font-weight: 400;\"> e <\/span><b>domingo 12h \u00e0s 17h.<\/b><\/p>\n<p><span style=\"font-weight: 400;\">Pizzaria exclusivamente com servi\u00e7o delivery: <\/span><b>sexta-feira e s\u00e1bado das 19h \u00e0s 22h<\/b><span style=\"font-weight: 400;\">.<\/span><\/p>\n<p><span style=\"font-weight: 400;\">Pedidos pelo telefone (13) 3348-4000 restaurante ramal 4121 e pizzaria ramal 4253<\/span><\/p>\n<p>&nbsp;<\/p>\n<p><b>Subida e descida de embarca\u00e7\u00e3o suspensas nos dois finais de semana (s\u00e1bado e domingo).<\/b><\/p>\n<p>&nbsp;<\/p>\n<p><span style=\"font-weight: 400;\">Para mais informa\u00e7\u00f5es sobre o Plano S\u00e3o Paulo, acesse:<\/span><\/p>\n<p><a href=\"https:\/\/www.saopaulo.sp.gov.br\/planosp\/\"><span style=\"font-weight: 400;\">https:\/\/www.saopaulo.sp.gov.br\/planosp\/<\/span><\/a><\/p>\n<p><a href=\"https:\/\/www.saopaulo.sp.gov.br\/coronavirus\/quarentena\/\"><span style=\"font-weight: 400;\">https:\/\/www.saopaulo.sp.gov.br\/coronavirus\/quarentena\/<\/span><\/a><\/p>\n<p>&nbsp;<\/p>\n<!-- AddThis Advanced Settings generic via filter on the_content --><!-- AddThis Share Buttons generic via filter on the_content -->","protected":false},"excerpt":{"rendered":"<p>Atendendo aos protocolos de preven\u00e7\u00e3o \u00e0 Covid19 e o recente decreto estadual que retorna a baixada santista para a fase laranja \/ vermelha, comunicamos abaixo nossos hor\u00e1rios de funcionamento que valer\u00e3o at\u00e9 o dia 7 de fevereiro. &nbsp; Dia de semana (segunda a sexta-feira) Funcionamento normal at\u00e9 \u00e0s 19h, limitando a capacidade do restaurante e &hellip;<!-- AddThis Advanced Settings generic via filter on get_the_excerpt --><!-- AddThis Share Buttons generic via filter on get_the_excerpt --><\/p>\n","protected":false},"author":4,"featured_media":6357,"comment_status":"closed","ping_status":"closed","sticky":false,"template":"","format":"aside","meta":{"_links_to":"","_links_to_target":""},"categories":[144,147],"tags":[],"_links":{"self":[{"href":"http:\/\/icsantosnew1.hospedagemdesites.ws\/index.php?rest_route=\/wp\/v2\/posts\/6356"}],"collection":[{"href":"http:\/\/icsantosnew1.hospedagemdesites.ws\/index.php?rest_route=\/wp\/v2\/posts"}],"about":[{"href":"http:\/\/icsantosnew1.hospedagemdesites.ws\/index.php?rest_route=\/wp\/v2\/types\/post"}],"author":[{"embeddable":true,"href":"http:\/\/icsantosnew1.hospedagemdesites.ws\/index.php?rest_route=\/wp\/v2\/users\/4"}],"replies":[{"embeddable":true,"href":"http:\/\/icsantosnew1.hospedagemdesites.ws\/index.php?rest_route=%2Fwp%2Fv2%2Fcomments&post=6356"}],"version-history":[{"count":5,"href":"http:\/\/icsantosnew1.hospedagemdesites.ws\/index.php?rest_route=\/wp\/v2\/posts\/6356\/revisions"}],"predecessor-version":[{"id":6362,"href":"http:\/\/icsantosnew1.hospedagemdesites.ws\/index.php?rest_route=\/wp\/v2\/posts\/6356\/revisions\/6362"}],"wp:featuredmedia":[{"embeddable":true,"href":"http:\/\/icsantosnew1.hospedagemdesites.ws\/index.php?rest_route=\/wp\/v2\/media\/6357"}],"wp:attachment":[{"href":"http:\/\/icsantosnew1.hospedagemdesites.ws\/index.php?rest_route=%2Fwp%2Fv2%2Fmedia&parent=6356"}],"wp:term":[{"taxonomy":"category","embeddable":true,"href":"http:\/\/icsantosnew1.hospedagemdesites.ws\/index.php?rest_route=%2Fwp%2Fv2%2Fcategories&post=6356"},{"taxonomy":"post_tag","embeddable":true,"href":"http:\/\/icsantosnew1.hospedagemdesites.ws\/index.php?rest_route=%2Fwp%2Fv2%2Ftags&post=6356"}],"curies":[{"name":"wp","href":"https:\/\/api.w.org\/{rel}","templated":true}]}}